{"id":20551,"date":"2018-09-05T14:01:18","date_gmt":"2018-09-05T12:01:18","guid":{"rendered":"https:\/\/tinnbib.no\/?p=20551"},"modified":"2018-09-14T14:02:09","modified_gmt":"2018-09-14T12:02:09","slug":"jenny-fossum-gronn-og-minoritetssprak-i-norden","status":"publish","type":"post","link":"https:\/\/tinnbib.no\/?p=20551","title":{"rendered":"Jenny Fossum Gr\u00f8nn og Litteraturfestivalen 2. og 3. nov."},"content":{"rendered":"<p><strong><a href=\"https:\/\/issuu.com\/tinn1\/docs\/rjukanlittfest2018_14._sep\"><img loading=\"lazy\" decoding=\"async\" class=\"alignleft wp-image-20554 size-thumbnail\" src=\"https:\/\/tinnbib.no\/wp-content\/uploads\/2018\/09\/jennyFG-portr-150x150.jpg\" alt=\"\" width=\"150\" height=\"150\" \/><\/a>Jenny Fossum Gr\u00f8nn<\/strong> vil ta for seg dei sm\u00e5 spr\u00e5ka i Norden laurdag 3. nov. Gr\u00f8nn er r\u00e5dgjevar i Enhet for plan, landbruk og milj\u00f8 i Tinn kommune og er busett med familien p\u00e5 fjellgarden Uppigard (Gunleiksrud) i Tessungdalen. Der driv ho steinovnsbakeriet &laquo;H\u00f8gt heva&raquo; &#8211; eit namn ho fekk Spr\u00e5kr\u00e5dets diplom for i 2017. Gr\u00f8nn har hovudfag i nordisk spr\u00e5k og litteratur.<br \/>\n<strong>Sted: \u00a0 Rjukan bibliotek, Lesesalen\u00a0\u00a0\u00a0\u00a0\u00a0\u00a0\u00a0 Tid: <u>kl. 14:00<\/u><\/strong><\/p>\n<div class=\"gsp_post_data\" \r\n\t            data-post_type=\"post\" \r\n\t            data-cat=\"ukategorisert\" \r\n\t            data-modified=\"120\"\r\n\t            data-created=\"1536156078\"\r\n\t            data-title=\"Jenny Fossum Gr\u00f8nn og Litteraturfestivalen 2. og 3. nov.\" \r\n\t            data-home=\"https:\/\/tinnbib.no\"><\/div>","protected":false},"excerpt":{"rendered":"<p>Jenny Fossum Gr\u00f8nn vil ta for seg dei sm\u00e5 spr\u00e5ka i Norden laurdag 3. nov. Gr\u00f8nn er r\u00e5dgjevar i Enhet for plan, landbruk og milj\u00f8 i Tinn kommune og er busett med familien p\u00e5 fjellgarden Uppigard (Gunleiksrud) i Tessungdalen. Der driv ho steinovnsbakeriet &laquo;H\u00f8gt heva&raquo; &#8211; eit namn ho fekk Spr\u00e5kr\u00e5dets diplom for i 2017. [&hellip;]<\/p>\n","protected":false},"author":101012,"featured_media":0,"comment_status":"open","ping_status":"open","sticky":false,"template":"","format":"standard","meta":{"_et_pb_use_builder":"","_et_pb_old_content":"","_et_gb_content_width":"","footnotes":"","_links_to":"","_links_to_target":""},"categories":[1],"tags":[],"class_list":["post-20551","post","type-post","status-publish","format-standard","hentry","category-ukategorisert"],"_links":{"self":[{"href":"https:\/\/tinnbib.no\/index.php?rest_route=\/wp\/v2\/posts\/20551","targetHints":{"allow":["GET"]}}],"collection":[{"href":"https:\/\/tinnbib.no\/index.php?rest_route=\/wp\/v2\/posts"}],"about":[{"href":"https:\/\/tinnbib.no\/index.php?rest_route=\/wp\/v2\/types\/post"}],"author":[{"embeddable":true,"href":"https:\/\/tinnbib.no\/index.php?rest_route=\/wp\/v2\/users\/101012"}],"replies":[{"embeddable":true,"href":"https:\/\/tinnbib.no\/index.php?rest_route=%2Fwp%2Fv2%2Fcomments&post=20551"}],"version-history":[{"count":9,"href":"https:\/\/tinnbib.no\/index.php?rest_route=\/wp\/v2\/posts\/20551\/revisions"}],"predecessor-version":[{"id":21218,"href":"https:\/\/tinnbib.no\/index.php?rest_route=\/wp\/v2\/posts\/20551\/revisions\/21218"}],"wp:attachment":[{"href":"https:\/\/tinnbib.no\/index.php?rest_route=%2Fwp%2Fv2%2Fmedia&parent=20551"}],"wp:term":[{"taxonomy":"category","embeddable":true,"href":"https:\/\/tinnbib.no\/index.php?rest_route=%2Fwp%2Fv2%2Fcategories&post=20551"},{"taxonomy":"post_tag","embeddable":true,"href":"https:\/\/tinnbib.no\/index.php?rest_route=%2Fwp%2Fv2%2Ftags&post=20551"}],"curies":[{"name":"wp","href":"https:\/\/api.w.org\/{rel}","templated":true}]}}