{"id":21219,"date":"2018-09-17T09:16:27","date_gmt":"2018-09-17T07:16:27","guid":{"rendered":"https:\/\/tinnbib.no\/?p=21219"},"modified":"2018-09-18T09:11:09","modified_gmt":"2018-09-18T07:11:09","slug":"ragnar-dybdal-og-tinndialekten","status":"publish","type":"post","link":"https:\/\/tinnbib.no\/?p=21219","title":{"rendered":"Ragnar Dybdal og tinndialekten"},"content":{"rendered":"<p><strong><a href=\"https:\/\/tinnbib.no\/wp-content\/uploads\/2018\/09\/ragnarDportr.jpg\"><img loading=\"lazy\" decoding=\"async\" class=\"alignleft wp-image-21221\" src=\"https:\/\/tinnbib.no\/wp-content\/uploads\/2018\/09\/ragnarDportr-248x300.jpg\" alt=\"\" width=\"157\" height=\"190\" srcset=\"https:\/\/tinnbib.no\/wp-content\/uploads\/2018\/09\/ragnarDportr-248x300.jpg 248w, https:\/\/tinnbib.no\/wp-content\/uploads\/2018\/09\/ragnarDportr.jpg 702w\" sizes=\"(max-width: 157px) 100vw, 157px\" \/><\/a>Ragnar Dybdal<\/strong>\u00a0er fyrste mann ute p\u00e5 <a href=\"https:\/\/issuu.com\/tinn1\/docs\/rjukanlittfest2018_14._sep\">Litteraturfestivalens<\/a> andre dag. Han vil ta for seg s\u00e6rtrekka ved tinndialekten, det lokale talem\u00e5let<strong>. <\/strong>Dybdal har hovudfag ved Universitetet i Oslo 1979 medoppg\u00e5va: \u00abGamalt tinnm\u00e5l jamf\u00f8rt med talem\u00e5let i dag\u00bb. Lektor ved Rjukan videreg\u00e5ende skole fr\u00e5 1984 til 2004. Var tilsett p\u00e5 Tinn Museum\/Norsk Industriarbeidermuseum fra 2004 til 2016. Har skrive fleire b\u00f8ker og hefte med lokalhistoriske emne og halde foredrag i ulike samanhengar. Skreiv om m\u00e5lf\u00f8ret p\u00e5 heimesida <a href=\"http:\/\/www.tinnmaalet.no\">www.tinnmaalet.no<\/a> &#8211; lansert v\u00e5ren 2016.<br \/>\n<strong>Stad: Rjukan bibliotek, Lesesalen\u00a0\u00a0\u00a0\u00a0\u00a0\u00a0\u00a0\u00a0\u00a0 Tid: laurdag\u00a0<u>kl. 13:00<\/u><\/strong><\/p>\n<div class=\"gsp_post_data\" \r\n\t            data-post_type=\"post\" \r\n\t            data-cat=\"ukategorisert\" \r\n\t            data-modified=\"120\"\r\n\t            data-created=\"1537175787\"\r\n\t            data-title=\"Ragnar Dybdal og tinndialekten\" \r\n\t            data-home=\"https:\/\/tinnbib.no\"><\/div>","protected":false},"excerpt":{"rendered":"<p>Ragnar Dybdal\u00a0er fyrste mann ute p\u00e5 Litteraturfestivalens andre dag. Han vil ta for seg s\u00e6rtrekka ved tinndialekten, det lokale talem\u00e5let. Dybdal har hovudfag ved Universitetet i Oslo 1979 medoppg\u00e5va: \u00abGamalt tinnm\u00e5l jamf\u00f8rt med talem\u00e5let i dag\u00bb. Lektor ved Rjukan videreg\u00e5ende skole fr\u00e5 1984 til 2004. Var tilsett p\u00e5 Tinn Museum\/Norsk Industriarbeidermuseum fra 2004 til 2016. [&hellip;]<\/p>\n","protected":false},"author":101012,"featured_media":0,"comment_status":"open","ping_status":"open","sticky":false,"template":"","format":"standard","meta":{"_et_pb_use_builder":"","_et_pb_old_content":"","_et_gb_content_width":"","footnotes":"","_links_to":"","_links_to_target":""},"categories":[1],"tags":[],"class_list":["post-21219","post","type-post","status-publish","format-standard","hentry","category-ukategorisert"],"_links":{"self":[{"href":"https:\/\/tinnbib.no\/index.php?rest_route=\/wp\/v2\/posts\/21219","targetHints":{"allow":["GET"]}}],"collection":[{"href":"https:\/\/tinnbib.no\/index.php?rest_route=\/wp\/v2\/posts"}],"about":[{"href":"https:\/\/tinnbib.no\/index.php?rest_route=\/wp\/v2\/types\/post"}],"author":[{"embeddable":true,"href":"https:\/\/tinnbib.no\/index.php?rest_route=\/wp\/v2\/users\/101012"}],"replies":[{"embeddable":true,"href":"https:\/\/tinnbib.no\/index.php?rest_route=%2Fwp%2Fv2%2Fcomments&post=21219"}],"version-history":[{"count":5,"href":"https:\/\/tinnbib.no\/index.php?rest_route=\/wp\/v2\/posts\/21219\/revisions"}],"predecessor-version":[{"id":21228,"href":"https:\/\/tinnbib.no\/index.php?rest_route=\/wp\/v2\/posts\/21219\/revisions\/21228"}],"wp:attachment":[{"href":"https:\/\/tinnbib.no\/index.php?rest_route=%2Fwp%2Fv2%2Fmedia&parent=21219"}],"wp:term":[{"taxonomy":"category","embeddable":true,"href":"https:\/\/tinnbib.no\/index.php?rest_route=%2Fwp%2Fv2%2Fcategories&post=21219"},{"taxonomy":"post_tag","embeddable":true,"href":"https:\/\/tinnbib.no\/index.php?rest_route=%2Fwp%2Fv2%2Ftags&post=21219"}],"curies":[{"name":"wp","href":"https:\/\/api.w.org\/{rel}","templated":true}]}}