{"id":21237,"date":"2018-10-01T10:15:46","date_gmt":"2018-10-01T08:15:46","guid":{"rendered":"https:\/\/tinnbib.no\/?p=21237"},"modified":"2018-10-08T08:54:04","modified_gmt":"2018-10-08T06:54:04","slug":"aasne-linnesta","status":"publish","type":"post","link":"https:\/\/tinnbib.no\/?p=21237","title":{"rendered":"Aasne Linnest\u00e5"},"content":{"rendered":"<p>&nbsp;<\/p>\n<div id=\"attachment_21238\" style=\"width: 187px\" class=\"wp-caption alignleft\"><a href=\"https:\/\/tinnbib.no\/wp-content\/uploads\/2018\/10\/Linnestaa-Aasne.jpg\"><img loading=\"lazy\" decoding=\"async\" aria-describedby=\"caption-attachment-21238\" class=\"wp-image-21238\" src=\"https:\/\/tinnbib.no\/wp-content\/uploads\/2018\/10\/Linnestaa-Aasne-150x150.jpg\" alt=\"\" width=\"177\" height=\"177\" \/><\/a><p id=\"caption-attachment-21238\" class=\"wp-caption-text\">Foto: Adrian Nielsen<\/p><\/div>\n<p><span style=\"color: #808080;\"><a style=\"font-weight: bold; color: #808080;\" href=\"https:\/\/tinnbib.no\/wp-content\/uploads\/2018\/10\/Linnestaa-Aasne.jpg\">Aasne Linnest\u00e5 gav vinteren 2018 ut diktsamlinga <em>Hu<\/em>. P\u00e5 Admini vil hun snakke om samlinga og lese og synge\/kvede utvalgte dikt. Linnest\u00e5 er f\u00f8dt og oppvokst p\u00e5 Rjukan. Hun har skrevet i flere genre. Hun mottok nylig Amalie Skram-prisen som if\u00f8lge statuttene skal g\u00e5 til \u00aben kvinnelig, skj\u00f8nnlitter\u00e6r forfatter som skriver i Amalie Skrams \u00e5nd\u00bb.<\/a>\u00a0<\/span><\/p>\n<p><strong>Sted: Rjukan Admini<br \/>\nTid:\u00a0 \u00a0 L\u00f8rdag 3 nov. kl. 17:30.<br \/>\nGratis arrangement.<\/strong><\/p>\n<div class=\"gsp_post_data\" \r\n\t            data-post_type=\"post\" \r\n\t            data-cat=\"ukategorisert\" \r\n\t            data-modified=\"120\"\r\n\t            data-created=\"1538388946\"\r\n\t            data-title=\"Aasne Linnest\u00e5\" \r\n\t            data-home=\"https:\/\/tinnbib.no\"><\/div>","protected":false},"excerpt":{"rendered":"<p>&nbsp; Aasne Linnest\u00e5 gav vinteren 2018 ut diktsamlinga Hu. P\u00e5 Admini vil hun snakke om samlinga og lese og synge\/kvede utvalgte dikt. Linnest\u00e5 er f\u00f8dt og oppvokst p\u00e5 Rjukan. Hun har skrevet i flere genre. Hun mottok nylig Amalie Skram-prisen som if\u00f8lge statuttene skal g\u00e5 til \u00aben kvinnelig, skj\u00f8nnlitter\u00e6r forfatter som skriver i Amalie Skrams [&hellip;]<\/p>\n","protected":false},"author":101011,"featured_media":0,"comment_status":"open","ping_status":"open","sticky":false,"template":"","format":"standard","meta":{"_et_pb_use_builder":"","_et_pb_old_content":"","_et_gb_content_width":"","footnotes":"","_links_to":"","_links_to_target":""},"categories":[1],"tags":[],"class_list":["post-21237","post","type-post","status-publish","format-standard","hentry","category-ukategorisert"],"_links":{"self":[{"href":"https:\/\/tinnbib.no\/index.php?rest_route=\/wp\/v2\/posts\/21237","targetHints":{"allow":["GET"]}}],"collection":[{"href":"https:\/\/tinnbib.no\/index.php?rest_route=\/wp\/v2\/posts"}],"about":[{"href":"https:\/\/tinnbib.no\/index.php?rest_route=\/wp\/v2\/types\/post"}],"author":[{"embeddable":true,"href":"https:\/\/tinnbib.no\/index.php?rest_route=\/wp\/v2\/users\/101011"}],"replies":[{"embeddable":true,"href":"https:\/\/tinnbib.no\/index.php?rest_route=%2Fwp%2Fv2%2Fcomments&post=21237"}],"version-history":[{"count":9,"href":"https:\/\/tinnbib.no\/index.php?rest_route=\/wp\/v2\/posts\/21237\/revisions"}],"predecessor-version":[{"id":21278,"href":"https:\/\/tinnbib.no\/index.php?rest_route=\/wp\/v2\/posts\/21237\/revisions\/21278"}],"wp:attachment":[{"href":"https:\/\/tinnbib.no\/index.php?rest_route=%2Fwp%2Fv2%2Fmedia&parent=21237"}],"wp:term":[{"taxonomy":"category","embeddable":true,"href":"https:\/\/tinnbib.no\/index.php?rest_route=%2Fwp%2Fv2%2Fcategories&post=21237"},{"taxonomy":"post_tag","embeddable":true,"href":"https:\/\/tinnbib.no\/index.php?rest_route=%2Fwp%2Fv2%2Ftags&post=21237"}],"curies":[{"name":"wp","href":"https:\/\/api.w.org\/{rel}","templated":true}]}}