{"id":21312,"date":"2018-10-17T13:19:00","date_gmt":"2018-10-17T11:19:00","guid":{"rendered":"https:\/\/tinnbib.no\/?p=21312"},"modified":"2018-10-17T13:20:40","modified_gmt":"2018-10-17T11:20:40","slug":"ketil-bjornstad-bokbad-og-minikonsert","status":"publish","type":"post","link":"https:\/\/tinnbib.no\/?p=21312","title":{"rendered":"Ketil Bj\u00f8rnstad &#8211; bokbad og minikonsert"},"content":{"rendered":"<p><strong><a href=\"https:\/\/tinnbib.no\/wp-content\/uploads\/2018\/09\/ketilBportr.jpg\"><img loading=\"lazy\" decoding=\"async\" class=\"alignleft wp-image-20847\" src=\"https:\/\/tinnbib.no\/wp-content\/uploads\/2018\/09\/ketilBportr-252x300.jpg\" alt=\"\" width=\"179\" height=\"213\" srcset=\"https:\/\/tinnbib.no\/wp-content\/uploads\/2018\/09\/ketilBportr-252x300.jpg 252w, https:\/\/tinnbib.no\/wp-content\/uploads\/2018\/09\/ketilBportr.jpg 257w\" sizes=\"(max-width: 179px) 100vw, 179px\" \/><\/a>Ketil Bj\u00f8rnstad<\/strong> har satt seg fore \u00e5 skrive om ti\u00e5rene fra 1960 og fram til i dag. Han har kalt serien <em>Verden av i g\u00e5r, <\/em>og boka om 1990-tallet, den fjerde i rekken, kom tidligere i h\u00f8st. P\u00e5 \u00e5rets festival vil selvsagt disse b\u00f8kene v\u00e6re tema. \u00d8ystein Haugan er bokbader for anledningen. Bj\u00f8rnstad og Haugan er begge f\u00f8dt i april 1952 og har mange felles referansepunkter.<br \/>\nEtter bokbadet vil Bj\u00f8rnstad holde en minikonsert p\u00e5 Rjukanhusets stolthet, B\u00f6sendorfer-flygelet.<strong>\u00a0<\/strong><\/p>\n<p><strong>Sted: Rjukanhuset, Storesal<br \/>\n<\/strong><strong>Tid: \u00a0\u00a0l\u00f8rdag <u>kl. 19:00<\/u><br \/>\n<\/strong><strong>Pris: \u00a0<\/strong><strong>kr. 150,-<\/strong><\/p>\n<p><strong>Forh\u00e5ndssalg av billetter p\u00e5 Biblioteket.<br \/>\n<\/strong><strong>Det blir billettsalg fra kl. 18:30 f\u00f8r arrangement<\/strong>.<\/p>\n<div class=\"gsp_post_data\" \r\n\t            data-post_type=\"post\" \r\n\t            data-cat=\"ukategorisert\" \r\n\t            data-modified=\"120\"\r\n\t            data-created=\"1539782340\"\r\n\t            data-title=\"Ketil Bj\u00f8rnstad &#8211; bokbad og minikonsert\" \r\n\t            data-home=\"https:\/\/tinnbib.no\"><\/div>","protected":false},"excerpt":{"rendered":"<p>Ketil Bj\u00f8rnstad har satt seg fore \u00e5 skrive om ti\u00e5rene fra 1960 og fram til i dag. Han har kalt serien Verden av i g\u00e5r, og boka om 1990-tallet, den fjerde i rekken, kom tidligere i h\u00f8st. P\u00e5 \u00e5rets festival vil selvsagt disse b\u00f8kene v\u00e6re tema. \u00d8ystein Haugan er bokbader for anledningen. Bj\u00f8rnstad og Haugan [&hellip;]<\/p>\n","protected":false},"author":101012,"featured_media":0,"comment_status":"open","ping_status":"open","sticky":false,"template":"","format":"standard","meta":{"_et_pb_use_builder":"","_et_pb_old_content":"","_et_gb_content_width":"","footnotes":"","_links_to":"","_links_to_target":""},"categories":[1],"tags":[],"class_list":["post-21312","post","type-post","status-publish","format-standard","hentry","category-ukategorisert"],"_links":{"self":[{"href":"https:\/\/tinnbib.no\/index.php?rest_route=\/wp\/v2\/posts\/21312","targetHints":{"allow":["GET"]}}],"collection":[{"href":"https:\/\/tinnbib.no\/index.php?rest_route=\/wp\/v2\/posts"}],"about":[{"href":"https:\/\/tinnbib.no\/index.php?rest_route=\/wp\/v2\/types\/post"}],"author":[{"embeddable":true,"href":"https:\/\/tinnbib.no\/index.php?rest_route=\/wp\/v2\/users\/101012"}],"replies":[{"embeddable":true,"href":"https:\/\/tinnbib.no\/index.php?rest_route=%2Fwp%2Fv2%2Fcomments&post=21312"}],"version-history":[{"count":3,"href":"https:\/\/tinnbib.no\/index.php?rest_route=\/wp\/v2\/posts\/21312\/revisions"}],"predecessor-version":[{"id":21315,"href":"https:\/\/tinnbib.no\/index.php?rest_route=\/wp\/v2\/posts\/21312\/revisions\/21315"}],"wp:attachment":[{"href":"https:\/\/tinnbib.no\/index.php?rest_route=%2Fwp%2Fv2%2Fmedia&parent=21312"}],"wp:term":[{"taxonomy":"category","embeddable":true,"href":"https:\/\/tinnbib.no\/index.php?rest_route=%2Fwp%2Fv2%2Fcategories&post=21312"},{"taxonomy":"post_tag","embeddable":true,"href":"https:\/\/tinnbib.no\/index.php?rest_route=%2Fwp%2Fv2%2Ftags&post=21312"}],"curies":[{"name":"wp","href":"https:\/\/api.w.org\/{rel}","templated":true}]}}