{"id":21340,"date":"2018-11-06T10:49:59","date_gmt":"2018-11-06T09:49:59","guid":{"rendered":"https:\/\/tinnbib.no\/?p=21340"},"modified":"2018-11-06T11:14:40","modified_gmt":"2018-11-06T10:14:40","slug":"ny-bok-fra-maana-forlag","status":"publish","type":"post","link":"https:\/\/tinnbib.no\/?p=21340","title":{"rendered":"Ny bok fra Maana forlag"},"content":{"rendered":"<h3 class=\"textnormal mobile-undersized-upper\"><strong><a href=\"https:\/\/tinnbib.no\/wp-content\/uploads\/2018\/11\/reisenRjukanbanen.jpeg\"><img loading=\"lazy\" decoding=\"async\" class=\"alignleft wp-image-21348\" src=\"https:\/\/tinnbib.no\/wp-content\/uploads\/2018\/11\/reisenRjukanbanen-188x300.jpeg\" alt=\"\" width=\"123\" height=\"196\" srcset=\"https:\/\/tinnbib.no\/wp-content\/uploads\/2018\/11\/reisenRjukanbanen-188x300.jpeg 188w, https:\/\/tinnbib.no\/wp-content\/uploads\/2018\/11\/reisenRjukanbanen.jpeg 212w\" sizes=\"(max-width: 123px) 100vw, 123px\" \/><\/a>Boklansering p\u00e5 Biblioteket<br \/>\ntorsdag 8. november kl. 13:00<\/strong><\/h3>\n<p class=\"textnormal mobile-undersized-upper\">REISEN MED RJUKANBANEN &#8211; GJENNOM KRIG OG FRED<\/p>\n<p class=\"textnormal mobile-undersized-upper\">Rjukanbanen og fergene p\u00e5 Tinnsj\u00f8en har igjen plassert seg i s\u00f8kelyset med Rjukan og Notoddens plass p\u00e5 UNESCOs verdensarvliste og TV-dramaet Kampen om tungtvannet. Her er historien om den unike transport\u00e5ren fortalt gjennom noen av dem som var tett p\u00e5 begivenhetene.<\/p>\n<p class=\"textnormal mobile-undersized-upper\">Trond Lepper\u00f8d &#8211; Gary Payton &#8211; Anne Sp\u00e5nem:<br \/>\nReisen med Rjukanbanen :gjennom krig og fred. &#8211; Maana forlag 2018. &#8211; 240 s.<br \/>\nISBN: 978-82-690775-1-3 (softcover) Nkr 269,00<!--more--><\/p>\n<p>Industrihistorisk verdensarv, reiseminner p\u00e5 skinner og kj\u00f8l og den siste av tungtvannsaksjonene. Det er hva det handler om i \u00abReisen med<br \/>\nRjukanbanen \u2013 Gjennom krig og fred\u00bb. Boka gis ut p\u00e5 Maana forlag. Forfatterne er journalistene Trond Lepper\u00f8d, Gary Payton og Anne Sp\u00e5nem.<br \/>\nRjukanbanen og ferjene p\u00e5 Tinnsj\u00f8en har igjen plassert seg i s\u00f8kelyset med Rjukan og Notodden som verdensarvsteder og TV-dramaet \u00abKampen om tungtvannet\u00bb. I denne boka vekkes reiseminner fra transport\u00e5rens storhetstid til live og du kommer tett p\u00e5 begivenhetene som skrev den inn i historieb\u00f8kene, ikke minst senkingen av D\/F \u00abHydro\u00bb i 1944.<br \/>\nI boka m\u00f8ter du en rekke tidsvitner og akt\u00f8rer: Rjukanbanens f\u00f8rste lokomotivf\u00f8rer, bygdejenta og rallaren som fant tonen under anleggstida, kafevertinnen i salongen under dekk, hun som bodde p\u00e5 Vemork da bombene falt, fiolinisten som lykkelig uvitende gikk om bord i en d\u00f8dsd\u00f8mt ferje, sabot\u00f8rene som plasserte sprengladningen, de som ga ordren til senking, redningsmennene og \u2013 49 \u00e5r senere \u2013 vrakleterne. Ferden fortsetter gjennom etterkrigs\u00e5r og blomstringstid for bane og industristed. Et keiserlig bes\u00f8k fra Iran og tytteb\u00e6rutflukter med ferja er to av flere fargerike reiseminner. Vi f\u00f8lger kampen for arbeidsplasser n\u00e5r hj\u00f8rnesteinsbedriften legger ned og lokalsamfunnet m\u00e5 finne nye bein \u00e5 st\u00e5 p\u00e5. Til slutt handler det om hvordan tog og ferjer ikke endte som skrapjern, men p\u00e5 UNESCOs verdensarvliste.<\/p>\n<p class=\"textnormal mobile-undersized-upper\">\n<div class=\"gsp_post_data\" \r\n\t            data-post_type=\"post\" \r\n\t            data-cat=\"ukategorisert\" \r\n\t            data-modified=\"120\"\r\n\t            data-created=\"1541501399\"\r\n\t            data-title=\"Ny bok fra Maana forlag\" \r\n\t            data-home=\"https:\/\/tinnbib.no\"><\/div>","protected":false},"excerpt":{"rendered":"<p>Boklansering p\u00e5 Biblioteket torsdag 8. november kl. 13:00 REISEN MED RJUKANBANEN &#8211; GJENNOM KRIG OG FRED Rjukanbanen og fergene p\u00e5 Tinnsj\u00f8en har igjen plassert seg i s\u00f8kelyset med Rjukan og Notoddens plass p\u00e5 UNESCOs verdensarvliste og TV-dramaet Kampen om tungtvannet. Her er historien om den unike transport\u00e5ren fortalt gjennom noen av dem som var tett [&hellip;]<\/p>\n","protected":false},"author":101012,"featured_media":0,"comment_status":"open","ping_status":"open","sticky":false,"template":"","format":"standard","meta":{"_et_pb_use_builder":"","_et_pb_old_content":"","_et_gb_content_width":"","footnotes":"","_links_to":"","_links_to_target":""},"categories":[1],"tags":[],"class_list":["post-21340","post","type-post","status-publish","format-standard","hentry","category-ukategorisert"],"_links":{"self":[{"href":"https:\/\/tinnbib.no\/index.php?rest_route=\/wp\/v2\/posts\/21340","targetHints":{"allow":["GET"]}}],"collection":[{"href":"https:\/\/tinnbib.no\/index.php?rest_route=\/wp\/v2\/posts"}],"about":[{"href":"https:\/\/tinnbib.no\/index.php?rest_route=\/wp\/v2\/types\/post"}],"author":[{"embeddable":true,"href":"https:\/\/tinnbib.no\/index.php?rest_route=\/wp\/v2\/users\/101012"}],"replies":[{"embeddable":true,"href":"https:\/\/tinnbib.no\/index.php?rest_route=%2Fwp%2Fv2%2Fcomments&post=21340"}],"version-history":[{"count":10,"href":"https:\/\/tinnbib.no\/index.php?rest_route=\/wp\/v2\/posts\/21340\/revisions"}],"predecessor-version":[{"id":21352,"href":"https:\/\/tinnbib.no\/index.php?rest_route=\/wp\/v2\/posts\/21340\/revisions\/21352"}],"wp:attachment":[{"href":"https:\/\/tinnbib.no\/index.php?rest_route=%2Fwp%2Fv2%2Fmedia&parent=21340"}],"wp:term":[{"taxonomy":"category","embeddable":true,"href":"https:\/\/tinnbib.no\/index.php?rest_route=%2Fwp%2Fv2%2Fcategories&post=21340"},{"taxonomy":"post_tag","embeddable":true,"href":"https:\/\/tinnbib.no\/index.php?rest_route=%2Fwp%2Fv2%2Ftags&post=21340"}],"curies":[{"name":"wp","href":"https:\/\/api.w.org\/{rel}","templated":true}]}}