{"id":21374,"date":"2018-12-11T11:48:37","date_gmt":"2018-12-11T10:48:37","guid":{"rendered":"https:\/\/tinnbib.no\/?p=21374"},"modified":"2018-12-11T12:39:33","modified_gmt":"2018-12-11T11:39:33","slug":"juletid","status":"publish","type":"post","link":"https:\/\/tinnbib.no\/?p=21374","title":{"rendered":"Juletid"},"content":{"rendered":"<p><a href=\"https:\/\/tinnbib.no\/wp-content\/uploads\/2018\/06\/RjubibVinterbilde2018IX.jpg\"><img loading=\"lazy\" decoding=\"async\" class=\"alignleft wp-image-12203\" src=\"https:\/\/tinnbib.no\/wp-content\/uploads\/2018\/06\/RjubibVinterbilde2018IX-300x225.jpg\" alt=\"\" width=\"255\" height=\"191\" srcset=\"https:\/\/tinnbib.no\/wp-content\/uploads\/2018\/06\/RjubibVinterbilde2018IX-300x225.jpg 300w, https:\/\/tinnbib.no\/wp-content\/uploads\/2018\/06\/RjubibVinterbilde2018IX-768x576.jpg 768w, https:\/\/tinnbib.no\/wp-content\/uploads\/2018\/06\/RjubibVinterbilde2018IX-1024x768.jpg 1024w, https:\/\/tinnbib.no\/wp-content\/uploads\/2018\/06\/RjubibVinterbilde2018IX-510x382.jpg 510w, https:\/\/tinnbib.no\/wp-content\/uploads\/2018\/06\/RjubibVinterbilde2018IX-1080x810.jpg 1080w, https:\/\/tinnbib.no\/wp-content\/uploads\/2018\/06\/RjubibVinterbilde2018IX.jpg 2048w\" sizes=\"(max-width: 255px) 100vw, 255px\" \/><\/a>Biblioteket inviterer til juletilstelning l\u00f8rdagen f\u00f8r jul.\u00a0 <strong>Ruth Nielsen<\/strong> vil lese kjente og kj\u00e6re julehistorier med barn i barnehagealder som m\u00e5lgruppe. Men alle som \u00f8nsker et avbrekk i en travel f\u00f8rjulstid er hjertelig velkomne til arrangementet.<\/p>\n<p><strong>Sted: Rjukan bibliotek, Barneavd.<\/strong><br \/>\n<strong>Tid: \u00a0 \u00a0<span style=\"color: #800000;\">l\u00f8rdag 22. des. kl. 12.00<\/span><\/strong><\/p>\n<div class=\"gsp_post_data\" \r\n\t            data-post_type=\"post\" \r\n\t            data-cat=\"ukategorisert\" \r\n\t            data-modified=\"120\"\r\n\t            data-created=\"1544528917\"\r\n\t            data-title=\"Juletid\" \r\n\t            data-home=\"https:\/\/tinnbib.no\"><\/div>","protected":false},"excerpt":{"rendered":"<p>Biblioteket inviterer til juletilstelning l\u00f8rdagen f\u00f8r jul.\u00a0 Ruth Nielsen vil lese kjente og kj\u00e6re julehistorier med barn i barnehagealder som m\u00e5lgruppe. Men alle som \u00f8nsker et avbrekk i en travel f\u00f8rjulstid er hjertelig velkomne til arrangementet. Sted: Rjukan bibliotek, Barneavd. Tid: \u00a0 \u00a0l\u00f8rdag 22. des. kl. 12.00<\/p>\n","protected":false},"author":101012,"featured_media":0,"comment_status":"open","ping_status":"open","sticky":false,"template":"","format":"standard","meta":{"_et_pb_use_builder":"","_et_pb_old_content":"","_et_gb_content_width":"","footnotes":"","_links_to":"","_links_to_target":""},"categories":[1],"tags":[],"class_list":["post-21374","post","type-post","status-publish","format-standard","hentry","category-ukategorisert"],"_links":{"self":[{"href":"https:\/\/tinnbib.no\/index.php?rest_route=\/wp\/v2\/posts\/21374","targetHints":{"allow":["GET"]}}],"collection":[{"href":"https:\/\/tinnbib.no\/index.php?rest_route=\/wp\/v2\/posts"}],"about":[{"href":"https:\/\/tinnbib.no\/index.php?rest_route=\/wp\/v2\/types\/post"}],"author":[{"embeddable":true,"href":"https:\/\/tinnbib.no\/index.php?rest_route=\/wp\/v2\/users\/101012"}],"replies":[{"embeddable":true,"href":"https:\/\/tinnbib.no\/index.php?rest_route=%2Fwp%2Fv2%2Fcomments&post=21374"}],"version-history":[{"count":7,"href":"https:\/\/tinnbib.no\/index.php?rest_route=\/wp\/v2\/posts\/21374\/revisions"}],"predecessor-version":[{"id":21382,"href":"https:\/\/tinnbib.no\/index.php?rest_route=\/wp\/v2\/posts\/21374\/revisions\/21382"}],"wp:attachment":[{"href":"https:\/\/tinnbib.no\/index.php?rest_route=%2Fwp%2Fv2%2Fmedia&parent=21374"}],"wp:term":[{"taxonomy":"category","embeddable":true,"href":"https:\/\/tinnbib.no\/index.php?rest_route=%2Fwp%2Fv2%2Fcategories&post=21374"},{"taxonomy":"post_tag","embeddable":true,"href":"https:\/\/tinnbib.no\/index.php?rest_route=%2Fwp%2Fv2%2Ftags&post=21374"}],"curies":[{"name":"wp","href":"https:\/\/api.w.org\/{rel}","templated":true}]}}