{"id":21391,"date":"2019-01-18T12:26:35","date_gmt":"2019-01-18T11:26:35","guid":{"rendered":"https:\/\/tinnbib.no\/?p=21391"},"modified":"2019-01-23T13:52:35","modified_gmt":"2019-01-23T12:52:35","slug":"markering-av-morsmalsdagen-6-februar-2019","status":"publish","type":"post","link":"https:\/\/tinnbib.no\/?p=21391","title":{"rendered":"Markering av Morsm\u00e5lsdagen 6. februar 2019"},"content":{"rendered":"<p><a href=\"https:\/\/tinnbib.no\/wp-content\/uploads\/2019\/01\/samefolketlogo.jpg\"><img loading=\"lazy\" decoding=\"async\" class=\"alignleft wp-image-21406\" src=\"https:\/\/tinnbib.no\/wp-content\/uploads\/2019\/01\/samefolketlogo-300x169.jpg\" alt=\"\" width=\"284\" height=\"160\" srcset=\"https:\/\/tinnbib.no\/wp-content\/uploads\/2019\/01\/samefolketlogo-300x169.jpg 300w, https:\/\/tinnbib.no\/wp-content\/uploads\/2019\/01\/samefolketlogo.jpg 750w\" sizes=\"(max-width: 284px) 100vw, 284px\" \/><\/a>Tinn kommune og Kamerina kulturverksted markerer Morsm\u00e5lsdagen <strong>onsdag 6. februar<\/strong> p\u00e5 Samefolkets dag med fokus p\u00e5 samisk spr\u00e5k og kultur. Fr\u00e5\u00a0<strong>kl 11.00<\/strong> vil mykje spennande g\u00e5 f\u00f8re seg p\u00e5 <strong>Torget<\/strong>.<\/p>\n<p><strong>Program:<br \/>\n<\/strong>Velkomen ved Tuva Hays.<br \/>\nAlle blir oppmoda til \u00e5 vera med p\u00e5 \u00e5 danne ei venskapslenke.<br \/>\nAlle skule -og barnehagebarn synger\u00a0\u00ab<em>Vi sangen<\/em>\u00bb<br \/>\nSigne Eira fortel om sj\u00f8samane medan Inga Ravna Eira fortel om reindriftssamane.<br \/>\nForfattar Inga Ravna Eira fr\u00e5 Karasjok joikar for oss.<br \/>\nSigne l\u00e6rer oss \u00e5 telje p\u00e5 samisk.<br \/>\nTuva inviterer alle til \u00e5 ete maten i fellesskap.<!--more--><\/p>\n<p>Den internasjonale morsm\u00e5lsdagen vart innstifta av UNESCO i 1999 og har blitt feira 21. februar kvart \u00e5r sidan millenniusskiftet<strong>. \u00abM\u00e5let med denne dagen er \u00e5 fremme spr\u00e5klig mangfold og flerspr\u00e5klighet, samt \u00f8ke forst\u00e5else, toleranse og dialog ang\u00e5ende spr\u00e5klige og kulturelle tradisjoner.\u00a0<\/strong><strong>Morsm\u00e5lsdagen er en flott mulighet til \u00e5 fokusere p\u00e5 de spr\u00e5klige ressursene hos barn og voksne i n\u00e6rmilj\u00f8et.\u00bb<br \/>\n<\/strong>Arbeidsgruppa fr\u00e5 Tinn kommune og Kamerina kulturverksted vil med glede og forventning invitere skulene til <strong>Torget kl. 11.00<\/strong>. Ta med niste og et maten i lag med born og vaksne.<\/p>\n<div class=\"gsp_post_data\" \r\n\t            data-post_type=\"post\" \r\n\t            data-cat=\"arrangementer,ukategorisert\" \r\n\t            data-modified=\"120\"\r\n\t            data-created=\"1547814395\"\r\n\t            data-title=\"Markering av Morsm\u00e5lsdagen 6. februar 2019\" \r\n\t            data-home=\"https:\/\/tinnbib.no\"><\/div>","protected":false},"excerpt":{"rendered":"<p>Tinn kommune og Kamerina kulturverksted markerer Morsm\u00e5lsdagen onsdag 6. februar p\u00e5 Samefolkets dag med fokus p\u00e5 samisk spr\u00e5k og kultur. Fr\u00e5\u00a0kl 11.00 vil mykje spennande g\u00e5 f\u00f8re seg p\u00e5 Torget. Program: Velkomen ved Tuva Hays. Alle blir oppmoda til \u00e5 vera med p\u00e5 \u00e5 danne ei venskapslenke. Alle skule -og barnehagebarn synger\u00a0\u00abVi sangen\u00bb Signe Eira [&hellip;]<\/p>\n","protected":false},"author":101012,"featured_media":0,"comment_status":"open","ping_status":"open","sticky":false,"template":"","format":"standard","meta":{"_et_pb_use_builder":"","_et_pb_old_content":"","_et_gb_content_width":"","footnotes":"","_links_to":"","_links_to_target":""},"categories":[25,1],"tags":[],"class_list":["post-21391","post","type-post","status-publish","format-standard","hentry","category-arrangementer","category-ukategorisert"],"_links":{"self":[{"href":"https:\/\/tinnbib.no\/index.php?rest_route=\/wp\/v2\/posts\/21391","targetHints":{"allow":["GET"]}}],"collection":[{"href":"https:\/\/tinnbib.no\/index.php?rest_route=\/wp\/v2\/posts"}],"about":[{"href":"https:\/\/tinnbib.no\/index.php?rest_route=\/wp\/v2\/types\/post"}],"author":[{"embeddable":true,"href":"https:\/\/tinnbib.no\/index.php?rest_route=\/wp\/v2\/users\/101012"}],"replies":[{"embeddable":true,"href":"https:\/\/tinnbib.no\/index.php?rest_route=%2Fwp%2Fv2%2Fcomments&post=21391"}],"version-history":[{"count":9,"href":"https:\/\/tinnbib.no\/index.php?rest_route=\/wp\/v2\/posts\/21391\/revisions"}],"predecessor-version":[{"id":21415,"href":"https:\/\/tinnbib.no\/index.php?rest_route=\/wp\/v2\/posts\/21391\/revisions\/21415"}],"wp:attachment":[{"href":"https:\/\/tinnbib.no\/index.php?rest_route=%2Fwp%2Fv2%2Fmedia&parent=21391"}],"wp:term":[{"taxonomy":"category","embeddable":true,"href":"https:\/\/tinnbib.no\/index.php?rest_route=%2Fwp%2Fv2%2Fcategories&post=21391"},{"taxonomy":"post_tag","embeddable":true,"href":"https:\/\/tinnbib.no\/index.php?rest_route=%2Fwp%2Fv2%2Ftags&post=21391"}],"curies":[{"name":"wp","href":"https:\/\/api.w.org\/{rel}","templated":true}]}}