{"id":21802,"date":"2020-01-09T13:04:11","date_gmt":"2020-01-09T12:04:11","guid":{"rendered":"https:\/\/tinnbib.no\/?p=21802"},"modified":"2020-01-09T13:13:32","modified_gmt":"2020-01-09T12:13:32","slug":"lars-ove-seljestad-pa-rjukan-bibliotek","status":"publish","type":"post","link":"https:\/\/tinnbib.no\/?p=21802","title":{"rendered":"Lars Ove Seljestad p\u00e5 Rjukan bibliotek"},"content":{"rendered":"<p><b><a href=\"https:\/\/tinnbib.no\/wp-content\/uploads\/2020\/01\/seljestadLarsOve.png\"><img loading=\"lazy\" decoding=\"async\" class=\"alignleft wp-image-21804\" src=\"https:\/\/tinnbib.no\/wp-content\/uploads\/2020\/01\/seljestadLarsOve-272x300.png\" alt=\"\" width=\"184\" height=\"203\" srcset=\"https:\/\/tinnbib.no\/wp-content\/uploads\/2020\/01\/seljestadLarsOve-272x300.png 272w, https:\/\/tinnbib.no\/wp-content\/uploads\/2020\/01\/seljestadLarsOve.png 416w\" sizes=\"(max-width: 184px) 100vw, 184px\" \/><\/a>Lars Ove Seljestad <\/b>(f. 1961) fr\u00e5 Odda er ei av dei viktigaste r\u00f8ystene i norsk samtidslitteratur. Han debuterte med romanen &laquo;Blind&raquo; (2005) som sette omgrepet &laquo;klassereise&raquo; p\u00e5 dagsorden i den norske offentlegheita. Hans f\u00f8rebels siste bok er romanen <i>Sn\u00f8en stryk ut alle spor<\/i> fr\u00e5 2019.<br \/>\nHan blir intervjua av <b>Aasne Linnest\u00e5.<\/b><\/p>\n<p><b>Sted:\u00a0 <\/b><b>Rjukan bibliotek, Lesesalen<br \/>\n<\/b><b>Tid:\u00a0\u00a0\u00a0 <\/b><b>onsdag 15. januar kl 18.00<\/b><\/p>\n<p>Foto: Niklas Lello<\/p>\n<div class=\"gsp_post_data\" \r\n\t            data-post_type=\"post\" \r\n\t            data-cat=\"ukategorisert\" \r\n\t            data-modified=\"120\"\r\n\t            data-created=\"1578575051\"\r\n\t            data-title=\"Lars Ove Seljestad p\u00e5 Rjukan bibliotek\" \r\n\t            data-home=\"https:\/\/tinnbib.no\"><\/div>","protected":false},"excerpt":{"rendered":"<p>Lars Ove Seljestad (f. 1961) fr\u00e5 Odda er ei av dei viktigaste r\u00f8ystene i norsk samtidslitteratur. Han debuterte med romanen &laquo;Blind&raquo; (2005) som sette omgrepet &laquo;klassereise&raquo; p\u00e5 dagsorden i den norske offentlegheita. Hans f\u00f8rebels siste bok er romanen Sn\u00f8en stryk ut alle spor fr\u00e5 2019. Han blir intervjua av Aasne Linnest\u00e5. Sted:\u00a0 Rjukan bibliotek, Lesesalen [&hellip;]<\/p>\n","protected":false},"author":101012,"featured_media":0,"comment_status":"open","ping_status":"open","sticky":false,"template":"","format":"standard","meta":{"_et_pb_use_builder":"","_et_pb_old_content":"","_et_gb_content_width":"","footnotes":"","_links_to":"","_links_to_target":""},"categories":[1],"tags":[],"class_list":["post-21802","post","type-post","status-publish","format-standard","hentry","category-ukategorisert"],"_links":{"self":[{"href":"https:\/\/tinnbib.no\/index.php?rest_route=\/wp\/v2\/posts\/21802","targetHints":{"allow":["GET"]}}],"collection":[{"href":"https:\/\/tinnbib.no\/index.php?rest_route=\/wp\/v2\/posts"}],"about":[{"href":"https:\/\/tinnbib.no\/index.php?rest_route=\/wp\/v2\/types\/post"}],"author":[{"embeddable":true,"href":"https:\/\/tinnbib.no\/index.php?rest_route=\/wp\/v2\/users\/101012"}],"replies":[{"embeddable":true,"href":"https:\/\/tinnbib.no\/index.php?rest_route=%2Fwp%2Fv2%2Fcomments&post=21802"}],"version-history":[{"count":4,"href":"https:\/\/tinnbib.no\/index.php?rest_route=\/wp\/v2\/posts\/21802\/revisions"}],"predecessor-version":[{"id":21807,"href":"https:\/\/tinnbib.no\/index.php?rest_route=\/wp\/v2\/posts\/21802\/revisions\/21807"}],"wp:attachment":[{"href":"https:\/\/tinnbib.no\/index.php?rest_route=%2Fwp%2Fv2%2Fmedia&parent=21802"}],"wp:term":[{"taxonomy":"category","embeddable":true,"href":"https:\/\/tinnbib.no\/index.php?rest_route=%2Fwp%2Fv2%2Fcategories&post=21802"},{"taxonomy":"post_tag","embeddable":true,"href":"https:\/\/tinnbib.no\/index.php?rest_route=%2Fwp%2Fv2%2Ftags&post=21802"}],"curies":[{"name":"wp","href":"https:\/\/api.w.org\/{rel}","templated":true}]}}