{"id":21868,"date":"2020-04-23T14:24:06","date_gmt":"2020-04-23T12:24:06","guid":{"rendered":"https:\/\/tinnbib.no\/?p=21868"},"modified":"2020-04-28T13:03:45","modified_gmt":"2020-04-28T11:03:45","slug":"verdas-bokdag","status":"publish","type":"post","link":"https:\/\/tinnbib.no\/?p=21868","title":{"rendered":"Verdas bokdag"},"content":{"rendered":"<p><a href=\"https:\/\/tinnbib.no\/wp-content\/uploads\/2020\/04\/verdasbokdag.jpg\"><img loading=\"lazy\" decoding=\"async\" class=\"alignleft size-medium wp-image-21874\" src=\"https:\/\/tinnbib.no\/wp-content\/uploads\/2020\/04\/verdasbokdag-300x197.jpg\" alt=\"\" width=\"300\" height=\"197\" srcset=\"https:\/\/tinnbib.no\/wp-content\/uploads\/2020\/04\/verdasbokdag-300x197.jpg 300w, https:\/\/tinnbib.no\/wp-content\/uploads\/2020\/04\/verdasbokdag.jpg 474w\" sizes=\"(max-width: 300px) 100vw, 300px\" \/><\/a>23. april er <a href=\"https:\/\/www.fn.no\/Om-FN\/FN-dager\/Kalender\/Verdens-bok-og-opphavsrettdag\">Verdas bokda<\/a>g.<\/p>\n<p>Datoen 23. april vart valt fordi fleire av verdsleiande forfattarar har denne datoen som f\u00f8dsels- eller d\u00f8dsdag. B\u00e5de Cervantes og Shakespeare d\u00f8ydde 23. april i 1616.<br \/>\nUnesco oppretta Verdas bokdag i 1995, og dei gjorde det etter m\u00f8nster fr\u00e5 Barcelona, som har ein gammal tradisjon for \u00e5 feire dagen med b\u00f8ker og roser. <!--more-->M\u00e5let med dagen er \u00e5 l\u00f8fte fram boka og litteraturen. Her f\u00e5r du lesetips om forfattarfavorittar og undring og diskusjon kring litteratur. Tipsa er tilgjengeleg i Nasjonalbiblioteket si digitale bokhylle og andre opne kjelder.<\/p>\n<p>I tillegg er det ogs\u00e5<a href=\"http:\/\/www.unesco.org\/new\/en\/culture\/themes\/creativity\/creative-industries\/copyright\/\"> Verdas opphavsrettdag<\/a> ; ei p\u00e5minning om at det er p\u00e5 sin plass \u00e5 betale for eb\u00f8ker og andre publikasjonar p\u00e5 nett (bortsett fr\u00e5 der Nasjonalbiblioteket har gjeve vederlag til Korinor o.l.). I desse koronatider er det s\u00e6rs viktig da forfattarar ikkje kjem seg ut til bibliotek og litteraturhus for \u00e5 lese og\/eller presentere verka sine.<\/p>\n<p><a href=\"https:\/\/bibhord.mediebruket.no\/blog\/a-feire-litteraturen\/\">Her<\/a> er kva Helge Skurtveit i Bibliotekutvikling Vestland har skrive i h\u00f8ve dagen.<\/p>\n<div class=\"gsp_post_data\" \r\n\t            data-post_type=\"post\" \r\n\t            data-cat=\"ukategorisert\" \r\n\t            data-modified=\"120\"\r\n\t            data-created=\"1587651846\"\r\n\t            data-title=\"Verdas bokdag\" \r\n\t            data-home=\"https:\/\/tinnbib.no\"><\/div>","protected":false},"excerpt":{"rendered":"<p>23. april er Verdas bokdag. Datoen 23. april vart valt fordi fleire av verdsleiande forfattarar har denne datoen som f\u00f8dsels- eller d\u00f8dsdag. B\u00e5de Cervantes og Shakespeare d\u00f8ydde 23. april i 1616. Unesco oppretta Verdas bokdag i 1995, og dei gjorde det etter m\u00f8nster fr\u00e5 Barcelona, som har ein gammal tradisjon for \u00e5 feire dagen med [&hellip;]<\/p>\n","protected":false},"author":101012,"featured_media":0,"comment_status":"open","ping_status":"open","sticky":false,"template":"","format":"standard","meta":{"_et_pb_use_builder":"","_et_pb_old_content":"","_et_gb_content_width":"","footnotes":"","_links_to":"","_links_to_target":""},"categories":[1],"tags":[],"class_list":["post-21868","post","type-post","status-publish","format-standard","hentry","category-ukategorisert"],"_links":{"self":[{"href":"https:\/\/tinnbib.no\/index.php?rest_route=\/wp\/v2\/posts\/21868","targetHints":{"allow":["GET"]}}],"collection":[{"href":"https:\/\/tinnbib.no\/index.php?rest_route=\/wp\/v2\/posts"}],"about":[{"href":"https:\/\/tinnbib.no\/index.php?rest_route=\/wp\/v2\/types\/post"}],"author":[{"embeddable":true,"href":"https:\/\/tinnbib.no\/index.php?rest_route=\/wp\/v2\/users\/101012"}],"replies":[{"embeddable":true,"href":"https:\/\/tinnbib.no\/index.php?rest_route=%2Fwp%2Fv2%2Fcomments&post=21868"}],"version-history":[{"count":10,"href":"https:\/\/tinnbib.no\/index.php?rest_route=\/wp\/v2\/posts\/21868\/revisions"}],"predecessor-version":[{"id":21885,"href":"https:\/\/tinnbib.no\/index.php?rest_route=\/wp\/v2\/posts\/21868\/revisions\/21885"}],"wp:attachment":[{"href":"https:\/\/tinnbib.no\/index.php?rest_route=%2Fwp%2Fv2%2Fmedia&parent=21868"}],"wp:term":[{"taxonomy":"category","embeddable":true,"href":"https:\/\/tinnbib.no\/index.php?rest_route=%2Fwp%2Fv2%2Fcategories&post=21868"},{"taxonomy":"post_tag","embeddable":true,"href":"https:\/\/tinnbib.no\/index.php?rest_route=%2Fwp%2Fv2%2Ftags&post=21868"}],"curies":[{"name":"wp","href":"https:\/\/api.w.org\/{rel}","templated":true}]}}