{"id":22999,"date":"2021-11-11T12:00:51","date_gmt":"2021-11-11T11:00:51","guid":{"rendered":"https:\/\/tinnbib.no\/?p=22999"},"modified":"2021-11-11T12:11:08","modified_gmt":"2021-11-11T11:11:08","slug":"rjukan-litteraturfestival-2021","status":"publish","type":"post","link":"https:\/\/tinnbib.no\/?p=22999","title":{"rendered":"Rjukan litteraturfestival 2021"},"content":{"rendered":"<h3 style=\"text-align: left;\"><b><a href=\"https:\/\/issuu.com\/tinn1\/docs\/rjukanlittfest2021progrtilnett\"><img loading=\"lazy\" decoding=\"async\" class=\"alignleft wp-image-23005\" src=\"https:\/\/tinnbib.no\/wp-content\/uploads\/2021\/10\/rjulittfesttilWP-217x300.jpg\" alt=\"\" width=\"114\" height=\"158\" \/><\/a>Fredag 12. nov. <\/b><\/h3>\n<p><b>MARI MOEN HOLSVE<br \/>\n<\/b>Forfatteren til alle de digitale fortellingene i Sommerles bes\u00f8ker Rjukan i anledning Festivalen. Hun forteller litt om Sommerles, om livet som forfatter og om egne b\u00f8ker.<br \/>\n<b>Sted:\u00a0 \u00a0 \u00a0 \u00a0Rjukanhuset, Storesal<br \/>\n<\/b><b>Tid: \u00a0\u00a0\u00a0\u00a0\u00a0\u00a0\u00a0 <\/b><b>kl. 10:00\u00a0 (Atr\u00e5 og Hovin) ; kl. 11:00 (Rjukan)<\/b><\/p>\n<p><b>KUNSTUTSTILLING<br \/>\n<\/b>Tinn kunstforening er samarbeidspartner n\u00e5r utvalgte verker fra Tinn kommunes omfattende kunstsamling\u00a0 blir vist fram for offentligheten.<br \/>\n<b>Sted:\u00a0 \u00a0 \u00a0 \u00a0 \u00a0 Kinogalleriet<br \/>\n<\/b><b>\u00c5pning:\u00a0\u00a0\u00a0\u00a0 <\/b><b>kl. 17:00<\/b><!--more--><\/p>\n<p><b>RJUKAN LITTERATURFESTIVAL 2021<br \/>\n<\/b><b>\u2014<\/b><b>offisiell \u00e5pning<\/b> ved verdensarvkordinator <b>\u00d8ystein Haugan<\/b>. Kulturelle innslag ved <b>Tuva<\/b> og <b>Vilje Lur\u00e5s <\/b>og <b>Harald Nesse<\/b>.<br \/>\n<b>Sted:\u00a0 \u00a0 \u00a0 Rjukanhuset<br \/>\nTid: \u00a0\u00a0\u00a0\u00a0\u00a0\u00a0\u00a0 <\/b><b>kl. 18:00<\/b><\/p>\n<p><b>NINA LYKKE <\/b>kom i 2019 ut med romanen <i>Full spredning. <\/i>Hun debuterte i 2012 med boka:<i> Orgien og andre fortellinger<\/i>. <b>Randi <\/b><b>Mo<\/b><b>ssing <\/b>er samtalepartner.<br \/>\n<b>Sted:\u00a0 \u00a0 \u00a0 Rjukanhuset<br \/>\n<\/b><b>Tid: \u00a0\u00a0\u00a0\u00a0\u00a0\u00a0\u00a0 ca <\/b><b>kl. 18:30<\/b><\/p>\n<p><b>STANDUP-quiz <\/b>med <b>Tor Olav Aase K\u00e5sa <\/b>og <b>Ruben Kv\u00e5lseth<\/b>, stand up-komikere fra Notodden, st\u00e5r for en helt s\u00e6regen quiz-kveld&#8230;<br \/>\n<b>Sted: \u00a0\u00a0\u00a0\u00a0 <\/b><b>Rjukanhuset<\/b><b><br \/>\n<\/b><b>Tid:\u00a0 \u00a0 \u00a0 \u00a0 \u00a0<\/b><b>kl. 20:30<br \/>\n<\/b><b>Pris:\u00a0\u00a0\u00a0\u00a0\u00a0\u00a0 <\/b><b>kr. 150,00<br \/>\n<\/b><b>Aldersgrense: 18 \u00e5r<\/b><\/p>\n<h3><b>L\u00f8rdag 13. nov. <\/b><\/h3>\n<p><b>ANNE-BRITT HARSEM <\/b>har skrevet om overgrepene i Tysfjord og Alvdal. Dette blir et sterkt foredrag om hendelser fra virkeligheten. Hun vil ogs\u00e5 si litt om h\u00f8stens bok: <i>Naboene (<\/i>Ut\u00f8ya).<b><br \/>\nSted:\u00a0 \u00a0 \u00a0 Rjukanhuset<br \/>\nTid: \u00a0\u00a0\u00a0\u00a0\u00a0\u00a0\u00a0 kl. 13.00<\/b><\/p>\n<p><b>CATERINA CATTANEO <\/b>skrev i 2014 boka <i>Jeg slutter \u00e5 telle dager,<\/i> om spedalske i Bergen og med et kritisk blikk p\u00e5 legehelten Gerhard Armauer Hansen. Det er kj\u00f8pt filmrettigheter til boka. Hun intervjues av <b>Tom Egeland<\/b>.<br \/>\n<b>Sted:\u00a0 \u00a0 \u00a0 \u00a0Rjukanhuset<br \/>\nTid: \u00a0\u00a0\u00a0\u00a0\u00a0\u00a0\u00a0 <\/b><b>kl. 14.00<\/b><\/p>\n<p><b><i>Marispelets frivillige og venner <\/i><\/b><b>selger kaffe og snitter <\/b><b>p\u00e5 <\/b><b>Rjukanhuset<\/b> <b>fra <\/b><b>kl. 15:00.<\/b><\/p>\n<p><b>NINA GR\u00dbNFELD <\/b>er forfatter og regiss\u00f8r, og hun vil samtale med <b>Aasne Linnest\u00e5<\/b> om behandlinga av j\u00f8dene under andre verdenskrig. I boka om sin farmor Frida skriver hun om dette sviket.<br \/>\n<b>Sted:\u00a0 \u00a0 \u00a0 Rjukanhuset<br \/>\nTid: \u00a0\u00a0\u00a0\u00a0\u00a0\u00a0\u00a0 <\/b><b>kl. 16:00<\/b><\/p>\n<p><b>TOM EGELAND <\/b>er en av v\u00e5re fremste spenningsforfattere, og i b\u00f8kene hans er svikfulle og utro tjenere ofte en del av persongalleriet. \u00c5rets roman har tittel: <i>S\u00f8lvmyntene, <\/i>der Bj\u00f8rn Belt\u00f8 er tilbake. <b>Espen Selmer-Torgersen <\/b>er bokbader.<br \/>\n<b>Sted:\u00a0 \u00a0 \u00a0 \u00a0Rjukanhuset<br \/>\nTid: \u00a0\u00a0\u00a0\u00a0\u00a0\u00a0\u00a0 <\/b><b>kl. 17:00<\/b><\/p>\n<p><b>Kongsberg Teaterlag<\/b> presenterer \u00abAlibiet s\u00f8ker et mord\u00bb<i>.<\/i> Forestillingen inkluderer en treretters middag. Publikum inviteres til \u00e5 l\u00f8se mordmysteriet i beste HerculePoirot-stil.<br \/>\n<b>Sted:\u00a0 \u00a0 \u00a0 Rjukan Admini<br \/>\nTid: \u00a0\u00a0\u00a0\u00a0\u00a0\u00a0\u00a0 <\/b><b>kl. 19:00<br \/>\n<\/b><b>Pris:\u00a0\u00a0\u00a0\u00a0\u00a0\u00a0 kr. 700,00\u00a0\u00a0\u00a0\u00a0 <\/b><b>Aldersgrense: 18 \u00e5r<\/b><\/p>\n<p><b>MARIA KJOS FONN m\u00e5tte dessverre melde avbud! Hun skulle ha et foredrag for elever i videreg\u00e5ende skole tidlig fredag.\u00a0<\/b><\/p>\n<p><b>Alle arrangementene er gratis med mindre annet er angitt.<br \/>\n<\/b><b>Arrangementene med Cattaneo, Gr\u00fcnfeld og Egeland blir str\u00f8mmet.<\/b><\/p>\n<p>&nbsp;<\/p>\n<table style=\"border-collapse: collapse; width: 60.4386%;\">\n<tbody>\n<tr>\n<td style=\"width: 108.417%;\" colspan=\"2\"><strong>\u00c5pningstider utstilling <\/strong>(offisiell \u00e5pning fredag kl 17.00)<\/td>\n<\/tr>\n<tr>\n<td style=\"width: 54.8808%;\">Fredag 12. nov.<\/td>\n<td style=\"width: 53.536%;\">16.00-18.00<\/td>\n<\/tr>\n<tr>\n<td style=\"width: 54.8808%;\">L\u00f8rdag 13. nov.<\/td>\n<td style=\"width: 53.536%;\">11.00-15.00<\/td>\n<\/tr>\n<tr>\n<td style=\"width: 54.8808%;\">S\u00f8ndag 14. nov.<\/td>\n<td style=\"width: 53.536%;\">11.00-15.00<\/td>\n<\/tr>\n<tr>\n<td style=\"width: 54.8808%;\">Mandag-fredag<\/td>\n<td style=\"width: 53.536%;\">17.00-19.00<\/td>\n<\/tr>\n<tr>\n<td style=\"width: 54.8808%;\">L\u00f8rdag 20. nov.<\/td>\n<td style=\"width: 53.536%;\">11.00-15.00<\/td>\n<\/tr>\n<\/tbody>\n<\/table>\n<div class=\"gsp_post_data\" \r\n\t            data-post_type=\"post\" \r\n\t            data-cat=\"ukategorisert\" \r\n\t            data-modified=\"120\"\r\n\t            data-created=\"1636632051\"\r\n\t            data-title=\"Rjukan litteraturfestival 2021\" \r\n\t            data-home=\"https:\/\/tinnbib.no\"><\/div>","protected":false},"excerpt":{"rendered":"<p>Fredag 12. nov. MARI MOEN HOLSVE Forfatteren til alle de digitale fortellingene i Sommerles bes\u00f8ker Rjukan i anledning Festivalen. Hun forteller litt om Sommerles, om livet som forfatter og om egne b\u00f8ker. Sted:\u00a0 \u00a0 \u00a0 \u00a0Rjukanhuset, Storesal Tid: \u00a0\u00a0\u00a0\u00a0\u00a0\u00a0\u00a0 kl. 10:00\u00a0 (Atr\u00e5 og Hovin) ; kl. 11:00 (Rjukan) KUNSTUTSTILLING Tinn kunstforening er samarbeidspartner n\u00e5r utvalgte [&hellip;]<\/p>\n","protected":false},"author":101012,"featured_media":0,"comment_status":"open","ping_status":"open","sticky":false,"template":"","format":"standard","meta":{"_et_pb_use_builder":"","_et_pb_old_content":"","_et_gb_content_width":"","footnotes":"","_links_to":"","_links_to_target":""},"categories":[1],"tags":[],"class_list":["post-22999","post","type-post","status-publish","format-standard","hentry","category-ukategorisert"],"_links":{"self":[{"href":"https:\/\/tinnbib.no\/index.php?rest_route=\/wp\/v2\/posts\/22999","targetHints":{"allow":["GET"]}}],"collection":[{"href":"https:\/\/tinnbib.no\/index.php?rest_route=\/wp\/v2\/posts"}],"about":[{"href":"https:\/\/tinnbib.no\/index.php?rest_route=\/wp\/v2\/types\/post"}],"author":[{"embeddable":true,"href":"https:\/\/tinnbib.no\/index.php?rest_route=\/wp\/v2\/users\/101012"}],"replies":[{"embeddable":true,"href":"https:\/\/tinnbib.no\/index.php?rest_route=%2Fwp%2Fv2%2Fcomments&post=22999"}],"version-history":[{"count":22,"href":"https:\/\/tinnbib.no\/index.php?rest_route=\/wp\/v2\/posts\/22999\/revisions"}],"predecessor-version":[{"id":23049,"href":"https:\/\/tinnbib.no\/index.php?rest_route=\/wp\/v2\/posts\/22999\/revisions\/23049"}],"wp:attachment":[{"href":"https:\/\/tinnbib.no\/index.php?rest_route=%2Fwp%2Fv2%2Fmedia&parent=22999"}],"wp:term":[{"taxonomy":"category","embeddable":true,"href":"https:\/\/tinnbib.no\/index.php?rest_route=%2Fwp%2Fv2%2Fcategories&post=22999"},{"taxonomy":"post_tag","embeddable":true,"href":"https:\/\/tinnbib.no\/index.php?rest_route=%2Fwp%2Fv2%2Ftags&post=22999"}],"curies":[{"name":"wp","href":"https:\/\/api.w.org\/{rel}","templated":true}]}}