{"id":23278,"date":"2022-08-31T14:10:31","date_gmt":"2022-08-31T12:10:31","guid":{"rendered":"https:\/\/tinnbib.no\/?p=23278"},"modified":"2022-08-31T14:10:31","modified_gmt":"2022-08-31T12:10:31","slug":"sommerles-avslutning-7-sep-kl-16-00","status":"publish","type":"post","link":"https:\/\/tinnbib.no\/?p=23278","title":{"rendered":"Sommerles-avslutning 7. sep. kl. 16.00"},"content":{"rendered":"<table>\n<tbody>\n<tr>\n<td><strong><a href=\"https:\/\/tinnbib.no\/wp-content\/uploads\/2022\/05\/Facebook-Banner-Bokmal.jpg\"><img loading=\"lazy\" decoding=\"async\" class=\"aligncenter  wp-image-23158\" src=\"https:\/\/tinnbib.no\/wp-content\/uploads\/2022\/05\/Facebook-Banner-Bokmal.jpg\" alt=\"\" width=\"342\" height=\"130\" \/><\/a>Rjukan bibliotek inviterer alle barn til premiedryss og forfatterbes\u00f8k i forbindelse med avslutning av Sommerles 2022. <\/strong><strong>J\u00f8rn Lier Horst kommer for \u00e5 presentere Detektivbyr\u00e5 nr. 2 og dele ut premier til heldige vinnere. Det blir ogs\u00e5 mulighet til \u00e5 kj\u00f8pe boka.<br \/>\n<\/strong><strong>Etterp\u00e5 blir det is til alle!<\/strong><\/p>\n<p><strong>\u00a0<\/strong><strong>Dette skjer <\/strong><strong><u>7. september kl. 16.00 <\/u><\/strong><strong>p\u00e5 Rjukan bibliotek. <\/strong><\/td>\n<\/tr>\n<\/tbody>\n<\/table>\n<div class=\"gsp_post_data\" \r\n\t            data-post_type=\"post\" \r\n\t            data-cat=\"ukategorisert\" \r\n\t            data-modified=\"120\"\r\n\t            data-created=\"1661955031\"\r\n\t            data-title=\"Sommerles-avslutning 7. sep. kl. 16.00\" \r\n\t            data-home=\"https:\/\/tinnbib.no\"><\/div>","protected":false},"excerpt":{"rendered":"<p>Rjukan bibliotek inviterer alle barn til premiedryss og forfatterbes\u00f8k i forbindelse med avslutning av Sommerles 2022. J\u00f8rn Lier Horst kommer for \u00e5 presentere Detektivbyr\u00e5 nr. 2 og dele ut premier til heldige vinnere. Det blir ogs\u00e5 mulighet til \u00e5 kj\u00f8pe boka. Etterp\u00e5 blir det is til alle! \u00a0Dette skjer 7. september kl. 16.00 p\u00e5 Rjukan [&hellip;]<\/p>\n","protected":false},"author":101012,"featured_media":0,"comment_status":"open","ping_status":"open","sticky":false,"template":"","format":"standard","meta":{"_et_pb_use_builder":"","_et_pb_old_content":"","_et_gb_content_width":"","footnotes":"","_links_to":"","_links_to_target":""},"categories":[1],"tags":[],"class_list":["post-23278","post","type-post","status-publish","format-standard","hentry","category-ukategorisert"],"_links":{"self":[{"href":"https:\/\/tinnbib.no\/index.php?rest_route=\/wp\/v2\/posts\/23278","targetHints":{"allow":["GET"]}}],"collection":[{"href":"https:\/\/tinnbib.no\/index.php?rest_route=\/wp\/v2\/posts"}],"about":[{"href":"https:\/\/tinnbib.no\/index.php?rest_route=\/wp\/v2\/types\/post"}],"author":[{"embeddable":true,"href":"https:\/\/tinnbib.no\/index.php?rest_route=\/wp\/v2\/users\/101012"}],"replies":[{"embeddable":true,"href":"https:\/\/tinnbib.no\/index.php?rest_route=%2Fwp%2Fv2%2Fcomments&post=23278"}],"version-history":[{"count":1,"href":"https:\/\/tinnbib.no\/index.php?rest_route=\/wp\/v2\/posts\/23278\/revisions"}],"predecessor-version":[{"id":23279,"href":"https:\/\/tinnbib.no\/index.php?rest_route=\/wp\/v2\/posts\/23278\/revisions\/23279"}],"wp:attachment":[{"href":"https:\/\/tinnbib.no\/index.php?rest_route=%2Fwp%2Fv2%2Fmedia&parent=23278"}],"wp:term":[{"taxonomy":"category","embeddable":true,"href":"https:\/\/tinnbib.no\/index.php?rest_route=%2Fwp%2Fv2%2Fcategories&post=23278"},{"taxonomy":"post_tag","embeddable":true,"href":"https:\/\/tinnbib.no\/index.php?rest_route=%2Fwp%2Fv2%2Ftags&post=23278"}],"curies":[{"name":"wp","href":"https:\/\/api.w.org\/{rel}","templated":true}]}}