{"id":23558,"date":"2023-11-07T13:38:38","date_gmt":"2023-11-07T12:38:38","guid":{"rendered":"https:\/\/tinnbib.no\/?p=23558"},"modified":"2023-11-07T13:43:19","modified_gmt":"2023-11-07T12:43:19","slug":"pedro-carmona-alvarez-en-verdig-stedfortreder","status":"publish","type":"post","link":"https:\/\/tinnbib.no\/?p=23558","title":{"rendered":"Pedro Carmona-Alvarez &#8211; en verdig stedfortreder"},"content":{"rendered":"<p><a href=\"https:\/\/tinnbib.no\/wp-content\/uploads\/2023\/11\/pedroCA.jpg\"><img loading=\"lazy\" decoding=\"async\" class=\"alignleft wp-image-23560\" src=\"https:\/\/tinnbib.no\/wp-content\/uploads\/2023\/11\/pedroCA.jpg\" alt=\"Portrett av Pedro Carmoa-Alvarez\" width=\"179\" height=\"188\" srcset=\"https:\/\/tinnbib.no\/wp-content\/uploads\/2023\/11\/pedroCA.jpg 400w, https:\/\/tinnbib.no\/wp-content\/uploads\/2023\/11\/pedroCA-285x300.jpg 285w\" sizes=\"(max-width: 179px) 100vw, 179px\" \/><\/a>Vi fikk i dag, tirsdag 7. nov., opplyst at Kim Leine er blitt syk og m\u00e5 melde avbud b\u00e5de til Kimen og Rjukan litteraturfestival. Men vi hivde oss rundt og fikk Pedro Carmona-Alvarez i stedet. Han spiller i Frode Grytten Beat Band, og de skal som kjent opptre p\u00e5 Rjukanhuset l\u00f8rdag kveld. Carmona-Alvarez tok utfordringa p\u00e5 strak arm og vil snakke om forfatterskapet sitt, der h\u00f8stens bok <em>Chiquitita<\/em> ogs\u00e5 vil bli omtalt. Han er for \u00f8vrig fersk vinner av Riksm\u00e5lsforbundets litteraturpris. Og n\u00e5 er han plutselig klar for Rjukan litteraturfestival.<\/p>\n<p><strong>Sted<\/strong>: <strong>Rjukan kino<br \/>\nTid:\u00a0 \u00a0 l\u00f8rdag 11. nov. kl. 18.00.<\/strong><\/p>\n<div class=\"gsp_post_data\" \r\n\t            data-post_type=\"post\" \r\n\t            data-cat=\"ukategorisert\" \r\n\t            data-modified=\"120\"\r\n\t            data-created=\"1699364318\"\r\n\t            data-title=\"Pedro Carmona-Alvarez &#8211; en verdig stedfortreder\" \r\n\t            data-home=\"https:\/\/tinnbib.no\"><\/div>","protected":false},"excerpt":{"rendered":"<p>Vi fikk i dag, tirsdag 7. nov., opplyst at Kim Leine er blitt syk og m\u00e5 melde avbud b\u00e5de til Kimen og Rjukan litteraturfestival. Men vi hivde oss rundt og fikk Pedro Carmona-Alvarez i stedet. Han spiller i Frode Grytten Beat Band, og de skal som kjent opptre p\u00e5 Rjukanhuset l\u00f8rdag kveld. Carmona-Alvarez tok utfordringa [&hellip;]<\/p>\n","protected":false},"author":101012,"featured_media":0,"comment_status":"open","ping_status":"open","sticky":false,"template":"","format":"standard","meta":{"_et_pb_use_builder":"","_et_pb_old_content":"","_et_gb_content_width":"","footnotes":"","_links_to":"","_links_to_target":""},"categories":[1],"tags":[],"class_list":["post-23558","post","type-post","status-publish","format-standard","hentry","category-ukategorisert"],"_links":{"self":[{"href":"https:\/\/tinnbib.no\/index.php?rest_route=\/wp\/v2\/posts\/23558","targetHints":{"allow":["GET"]}}],"collection":[{"href":"https:\/\/tinnbib.no\/index.php?rest_route=\/wp\/v2\/posts"}],"about":[{"href":"https:\/\/tinnbib.no\/index.php?rest_route=\/wp\/v2\/types\/post"}],"author":[{"embeddable":true,"href":"https:\/\/tinnbib.no\/index.php?rest_route=\/wp\/v2\/users\/101012"}],"replies":[{"embeddable":true,"href":"https:\/\/tinnbib.no\/index.php?rest_route=%2Fwp%2Fv2%2Fcomments&post=23558"}],"version-history":[{"count":5,"href":"https:\/\/tinnbib.no\/index.php?rest_route=\/wp\/v2\/posts\/23558\/revisions"}],"predecessor-version":[{"id":23564,"href":"https:\/\/tinnbib.no\/index.php?rest_route=\/wp\/v2\/posts\/23558\/revisions\/23564"}],"wp:attachment":[{"href":"https:\/\/tinnbib.no\/index.php?rest_route=%2Fwp%2Fv2%2Fmedia&parent=23558"}],"wp:term":[{"taxonomy":"category","embeddable":true,"href":"https:\/\/tinnbib.no\/index.php?rest_route=%2Fwp%2Fv2%2Fcategories&post=23558"},{"taxonomy":"post_tag","embeddable":true,"href":"https:\/\/tinnbib.no\/index.php?rest_route=%2Fwp%2Fv2%2Ftags&post=23558"}],"curies":[{"name":"wp","href":"https:\/\/api.w.org\/{rel}","templated":true}]}}