{"id":23587,"date":"2023-11-24T14:50:39","date_gmt":"2023-11-24T13:50:39","guid":{"rendered":"https:\/\/tinnbib.no\/?p=23587"},"modified":"2023-11-27T08:39:08","modified_gmt":"2023-11-27T07:39:08","slug":"krigen-i-tinnfjella-halvor-luras-med-ny-bok","status":"publish","type":"post","link":"https:\/\/tinnbib.no\/?p=23587","title":{"rendered":"Krigen i Tinnfjella &#8211; Halvor Lur\u00e5s med ny bok"},"content":{"rendered":"<p class=\"x_MsoNormal\"><span class=\"marknkwjjkodn\" data-markjs=\"true\" data-ogac=\"\" data-ogab=\"\" data-ogsc=\"\" data-ogsb=\"\"><a href=\"https:\/\/tinnbib.no\/wp-content\/uploads\/2023\/11\/P2306437-Omslag-Krigshistorie8-scaled.jpg\"><img loading=\"lazy\" decoding=\"async\" class=\"alignleft  wp-image-23589\" src=\"https:\/\/tinnbib.no\/wp-content\/uploads\/2023\/11\/P2306437-Omslag-Krigshistorie8-scaled.jpg\" alt=\"Omslag til boka om Krigen i Tinnfjella\" width=\"186\" height=\"130\" \/><\/a>Halvor<\/span> Lur\u00e5s presenterer den nye boken sin med hovedtema:<br \/>\nFlyulykken i Skarfjell, Soldatene p\u00e5 Rivsfjell og Baunen blir trykket i Briskemyr.<\/p>\n<p class=\"x_MsoNormal\">Boksalg og signering.<\/p>\n<p>Rjukan bibliotek, Bibliotekkjelleren<br \/>\n<strong>onsdag 29. nov. kl. 18.00<\/strong>.<\/p>\n<p>Boka har det ogs\u00e5 andre spennende historier fra krigen bl. a. Atr\u00e5enka som blei sprengt av &laquo;Gutan i skogen&raquo; og andre sm\u00e5 og store hendelser<\/p>\n<div class=\"gsp_post_data\" \r\n\t            data-post_type=\"post\" \r\n\t            data-cat=\"ukategorisert\" \r\n\t            data-modified=\"120\"\r\n\t            data-created=\"1700837439\"\r\n\t            data-title=\"Krigen i Tinnfjella &#8211; Halvor Lur\u00e5s med ny bok\" \r\n\t            data-home=\"https:\/\/tinnbib.no\"><\/div>","protected":false},"excerpt":{"rendered":"<p>Halvor Lur\u00e5s presenterer den nye boken sin med hovedtema: Flyulykken i Skarfjell, Soldatene p\u00e5 Rivsfjell og Baunen blir trykket i Briskemyr. Boksalg og signering. Rjukan bibliotek, Bibliotekkjelleren onsdag 29. nov. kl. 18.00. Boka har det ogs\u00e5 andre spennende historier fra krigen bl. a. Atr\u00e5enka som blei sprengt av &laquo;Gutan i skogen&raquo; og andre sm\u00e5 og [&hellip;]<\/p>\n","protected":false},"author":101012,"featured_media":0,"comment_status":"open","ping_status":"open","sticky":false,"template":"","format":"standard","meta":{"_et_pb_use_builder":"","_et_pb_old_content":"","_et_gb_content_width":"","footnotes":"","_links_to":"","_links_to_target":""},"categories":[1],"tags":[],"class_list":["post-23587","post","type-post","status-publish","format-standard","hentry","category-ukategorisert"],"_links":{"self":[{"href":"https:\/\/tinnbib.no\/index.php?rest_route=\/wp\/v2\/posts\/23587","targetHints":{"allow":["GET"]}}],"collection":[{"href":"https:\/\/tinnbib.no\/index.php?rest_route=\/wp\/v2\/posts"}],"about":[{"href":"https:\/\/tinnbib.no\/index.php?rest_route=\/wp\/v2\/types\/post"}],"author":[{"embeddable":true,"href":"https:\/\/tinnbib.no\/index.php?rest_route=\/wp\/v2\/users\/101012"}],"replies":[{"embeddable":true,"href":"https:\/\/tinnbib.no\/index.php?rest_route=%2Fwp%2Fv2%2Fcomments&post=23587"}],"version-history":[{"count":3,"href":"https:\/\/tinnbib.no\/index.php?rest_route=\/wp\/v2\/posts\/23587\/revisions"}],"predecessor-version":[{"id":23591,"href":"https:\/\/tinnbib.no\/index.php?rest_route=\/wp\/v2\/posts\/23587\/revisions\/23591"}],"wp:attachment":[{"href":"https:\/\/tinnbib.no\/index.php?rest_route=%2Fwp%2Fv2%2Fmedia&parent=23587"}],"wp:term":[{"taxonomy":"category","embeddable":true,"href":"https:\/\/tinnbib.no\/index.php?rest_route=%2Fwp%2Fv2%2Fcategories&post=23587"},{"taxonomy":"post_tag","embeddable":true,"href":"https:\/\/tinnbib.no\/index.php?rest_route=%2Fwp%2Fv2%2Ftags&post=23587"}],"curies":[{"name":"wp","href":"https:\/\/api.w.org\/{rel}","templated":true}]}}